{"id":2390,"date":"2019-06-27T14:13:28","date_gmt":"2019-06-27T14:13:28","guid":{"rendered":"https:\/\/viladoconde.com\/?p=2390"},"modified":"2019-06-27T15:58:07","modified_gmt":"2019-06-27T15:58:07","slug":"iglesia-de-nuestra-senora-de-lapa","status":"publish","type":"post","link":"https:\/\/viladoconde.com\/es\/iglesia-de-nuestra-senora-de-lapa\/","title":{"rendered":"Iglesia de Nuestra Se\u00f1ora de Lapa"},"content":{"rendered":"<p><img loading=\"lazy\" decoding=\"async\" src=\"http:\/\/viladoconde.com\/wp-content\/uploads\/2019\/04\/IMG_8127.jpg\" alt=\"\" width=\"1793\" height=\"1536\" class=\"alignnone size-full wp-image-2208\" srcset=\"https:\/\/viladoconde.com\/wp-content\/uploads\/2019\/04\/IMG_8127.jpg 1793w, https:\/\/viladoconde.com\/wp-content\/uploads\/2019\/04\/IMG_8127-600x514.jpg 600w, https:\/\/viladoconde.com\/wp-content\/uploads\/2019\/04\/IMG_8127-300x257.jpg 300w, https:\/\/viladoconde.com\/wp-content\/uploads\/2019\/04\/IMG_8127-768x658.jpg 768w, https:\/\/viladoconde.com\/wp-content\/uploads\/2019\/04\/IMG_8127-1024x877.jpg 1024w, https:\/\/viladoconde.com\/wp-content\/uploads\/2019\/04\/IMG_8127-696x596.jpg 696w, https:\/\/viladoconde.com\/wp-content\/uploads\/2019\/04\/IMG_8127-1068x915.jpg 1068w, https:\/\/viladoconde.com\/wp-content\/uploads\/2019\/04\/IMG_8127-490x420.jpg 490w\" sizes=\"auto, (max-width: 1793px) 100vw, 1793px\" \/><\/p>\n<p>La <strong>Iglesia de Nuestra Se\u00f1ora de Lapa<\/strong> (Igreja de Nossa Senhora da Lapa &#8211; cueva\/gruta) se construy\u00f3 en el lugar donde se erigi\u00f3 la <strong>Ermita de San Bartolom\u00e9<\/strong>, un peque\u00f1o templo del siglo XVI que fue reconstruido en el siglo XVII.<\/p>\n<p>El permiso para las obras se firm\u00f3 en 1758 y su construcci\u00f3n comenz\u00f3 justo despu\u00e9s. No hay certeza sobre su autor, pero es posible atribuirlo a <a href=\"https:\/\/es.wikipedia.org\/wiki\/Nicolau_Nasoni\" rel=\"noopener noreferrer\" target=\"_blank\">Nicolau Nasoni<\/a>, debido a una carta del Decano de la Catedral de Porto. En esta carta, de 1753, se menciona que el autor de la Torre de los Cl\u00e9rigos (Torre dos Cl\u00e9rigos), el Palacio de Freixo (Pal\u00e1cio do Freixo), entre otros, trabajar\u00eda en un proyecto para Vila do Conde. Sin embargo, tambi\u00e9n es factible que el arquitecto fuera el autor de la Iglesia de Nuestra Se\u00f1ora de Lapa de Oporto, <strong>Jos\u00e9 de Figueiredo Seixas<\/strong>, debido a varias similitudes entre ambas.<\/p>\n<p>Tampoco es posible determinar la fecha exacta en que se complet\u00f3 el templo, pero los elementos decorativos del interior, de caracter\u00edsticas neocl\u00e1sicas, apuntan a una extensi\u00f3n de la obra hasta principios del siglo XIX.<\/p>\n<p>Su fachada, colorida e imponente, est\u00e1 flanqueada por dos campanarios. En el interior, se destaca la talla neocl\u00e1sica, de finales del siglo XVIII.<\/p>\n<h3><strong>Galer\u00eda de Im\u00e1genes:<\/strong><\/h3>\n<div id=\"jig1\" class=\"justified-image-grid jig-9ef402020fab0095d5cc1a396cb9bd8a jig-preset-global\"><div class=\"jig-clearfix\"><\/div><noscript id=\"jig1-html\" class=\"justified-image-grid-html\" data-lazy-src=\"skiplazyload\" data-src=\"skipunveillazyload\"><ul><li><a href=\"https:\/\/viladoconde.com\/wp-content\/uploads\/2019\/04\/IMG_8127-1024x877.jpg\" title=\"Fachada\"><img loading=\"lazy\" decoding=\"async\" src=\"https:\/\/viladoconde.com\/wp-content\/plugins\/justified-image-grid\/timthumb.php?src=https%3A%2F%2Fviladoconde.com%2Fwp-content%2Fuploads%2F2019%2F04%2FIMG_8127-1024x877.jpg&amp;h=230&amp;q=90&amp;f=.jpg\" alt=\"Igreja de Nossa Senhora da Lapa\" width=\"268\" height=\"230\" \/><\/a><p class=\"jig-HTMLdescription\">Igreja de Nossa Senhora da Lapa<br\/>Fachada<\/p><\/li><\/ul><\/noscript><\/div>\n<h3><strong>Contactos:<\/strong><\/h3>\n<p><b>Ubicaci\u00f3n<\/b>: Rua da Lapa &#8211; Vila do Conde<\/p>\n<p><iframe loading=\"lazy\" style=\"border: 0;\" src=\"https:\/\/www.google.com\/maps\/embed?pb=!1m18!1m12!1m3!1d2994.6556060581333!2d-8.739862284680436!3d41.35983880566553!2m3!1f0!2f0!3f0!3m2!1i1024!2i768!4f13.1!3m3!1m2!1s0xd24441aa492fd9f%3A0x849376a57921330d!2sIgreja+da+Lapa!5e0!3m2!1spt-PT!2spt!4v1555775045917!5m2!1spt-PT!2spt\" width=\"100%\" height=\"300\" frameborder=\"0\" allowfullscreen=\"allowfullscreen\"><\/iframe><\/p>\n","protected":false},"excerpt":{"rendered":"<p>La Iglesia de Nuestra Se\u00f1ora de Lapa (Igreja de Nossa Senhora da Lapa &#8211; cueva\/gruta) se construy\u00f3 en el lugar donde se erigi\u00f3 la Ermita de San Bartolom\u00e9, un peque\u00f1o templo del siglo XVI que fue reconstruido en el siglo XVII. El permiso para las obras se firm\u00f3 en 1758 y su construcci\u00f3n comenz\u00f3 justo [&hellip;]<\/p>\n","protected":false},"author":1,"featured_media":2208,"comment_status":"open","ping_status":"open","sticky":false,"template":"","format":"standard","meta":{"footnotes":""},"categories":[218],"tags":[],"class_list":["post-2390","post","type-post","status-publish","format-standard","has-post-thumbnail","hentry","category-lugares-de-culto"],"_links":{"self":[{"href":"https:\/\/viladoconde.com\/es\/wp-json\/wp\/v2\/posts\/2390","targetHints":{"allow":["GET"]}}],"collection":[{"href":"https:\/\/viladoconde.com\/es\/wp-json\/wp\/v2\/posts"}],"about":[{"href":"https:\/\/viladoconde.com\/es\/wp-json\/wp\/v2\/types\/post"}],"author":[{"embeddable":true,"href":"https:\/\/viladoconde.com\/es\/wp-json\/wp\/v2\/users\/1"}],"replies":[{"embeddable":true,"href":"https:\/\/viladoconde.com\/es\/wp-json\/wp\/v2\/comments?post=2390"}],"version-history":[{"count":5,"href":"https:\/\/viladoconde.com\/es\/wp-json\/wp\/v2\/posts\/2390\/revisions"}],"predecessor-version":[{"id":2935,"href":"https:\/\/viladoconde.com\/es\/wp-json\/wp\/v2\/posts\/2390\/revisions\/2935"}],"wp:featuredmedia":[{"embeddable":true,"href":"https:\/\/viladoconde.com\/es\/wp-json\/wp\/v2\/media\/2208"}],"wp:attachment":[{"href":"https:\/\/viladoconde.com\/es\/wp-json\/wp\/v2\/media?parent=2390"}],"wp:term":[{"taxonomy":"category","embeddable":true,"href":"https:\/\/viladoconde.com\/es\/wp-json\/wp\/v2\/categories?post=2390"},{"taxonomy":"post_tag","embeddable":true,"href":"https:\/\/viladoconde.com\/es\/wp-json\/wp\/v2\/tags?post=2390"}],"curies":[{"name":"wp","href":"https:\/\/api.w.org\/{rel}","templated":true}]}}