{"id":2424,"date":"2019-06-27T14:30:49","date_gmt":"2019-06-27T14:30:49","guid":{"rendered":"https:\/\/viladoconde.com\/?p=2424"},"modified":"2019-06-27T15:50:24","modified_gmt":"2019-06-27T15:50:24","slug":"acueducto-de-santa-clara","status":"publish","type":"post","link":"https:\/\/viladoconde.com\/es\/acueducto-de-santa-clara\/","title":{"rendered":"Acueducto de Santa Clara"},"content":{"rendered":"<p><img loading=\"lazy\" decoding=\"async\" class=\"alignnone size-large wp-image-1982\" src=\"http:\/\/viladoconde.com\/wp-content\/uploads\/2019\/04\/IMG_6731-1-1024x683.jpg\" alt=\"\" width=\"696\" height=\"464\" srcset=\"https:\/\/viladoconde.com\/wp-content\/uploads\/2019\/04\/IMG_6731-1-1024x683.jpg 1024w, https:\/\/viladoconde.com\/wp-content\/uploads\/2019\/04\/IMG_6731-1-600x400.jpg 600w, https:\/\/viladoconde.com\/wp-content\/uploads\/2019\/04\/IMG_6731-1-300x200.jpg 300w, https:\/\/viladoconde.com\/wp-content\/uploads\/2019\/04\/IMG_6731-1-768x512.jpg 768w, https:\/\/viladoconde.com\/wp-content\/uploads\/2019\/04\/IMG_6731-1-696x464.jpg 696w, https:\/\/viladoconde.com\/wp-content\/uploads\/2019\/04\/IMG_6731-1-1068x712.jpg 1068w, https:\/\/viladoconde.com\/wp-content\/uploads\/2019\/04\/IMG_6731-1-630x420.jpg 630w, https:\/\/viladoconde.com\/wp-content\/uploads\/2019\/04\/IMG_6731-1.jpg 2048w\" sizes=\"auto, (max-width: 696px) 100vw, 696px\" \/><\/p>\n<p>El <strong>Acueducto de Santa Clara<\/strong> ha sido dise\u00f1ado para transportar agua hasta el convento con el mismo nombre. Desde su fundaci\u00f3n, aunque est\u00e9 ubicado junto al r\u00edo Ave, el <a href=\"https:\/\/viladoconde.com\/monasterio-e-iglesia-de-santa-clara\/?lang=es\" target=\"_blank\" rel=\"noopener noreferrer\">Monasterio de Santa Clara<\/a> siempre tuvo problemas de abastecimiento de agua potable. Hasta la conclusi\u00f3n del acueducto, el abastecimiento de agua era hecho a trav\u00e9s de una noria, probablemente contempor\u00e1nea o anterior a la edificaci\u00f3n del Monasterio, fundado en <strong>1318<\/strong>.<\/p>\n<p>Para resolver este problema, <strong>D. Mar\u00eda de Meneses<\/strong>, abadesa entre 1626 y 1630, orden\u00f3 la construcci\u00f3n de un acueducto que traer\u00eda el agua desde una fuente localizada en la parroquia de Terroso, P\u00f3voa de Varzim. Debido al mal c\u00e1lculo de la inclinaci\u00f3n del acueducto, su construcci\u00f3n fue interrumpida poco tiempo despu\u00e9s, acabando en ruinas debido a su abandono.<\/p>\n<p>Las obras se reanudaron el 19 de diciembre de 1705, por orden de la abadesa <strong>D. B\u00e1rbara Micaela de Ata\u00edde<\/strong>, habiendo sido concluidas el 20 de octubre de <strong>1714<\/strong>, resolviendo as\u00ed el problema de abastecimiento de agua del convento. El hecho fue se\u00f1alado por una fiesta en honor de San Antonio, el patrono escogido para el acueducto, y cuya imagen se encuentra en un nicho junto a la fuente, en Terroso.<\/p>\n<p>Siendo su recorrido inicial subterr\u00e1neo hasta Beiriz, desde all\u00ed hasta el interior del Convento el agua era conducida por medio de un total de <strong>999 arcos<\/strong> de medio punto, al igual que los acueductos romanos. Este n\u00famero peculiar puede ser fantasioso, pero todos los estudios acerca de este monumento apuntan a por lo menos 907 arcos en su totalidad y casi todos los registros muestran un n\u00famero muy cercano al millar.<\/p>\n<h3><strong>Galer\u00eda de Im\u00e1genes:<\/strong><\/h3>\n<div id=\"jig1\" class=\"justified-image-grid jig-04f68cb4eee64f86fbf1eeed6f773001 jig-preset-global\"><div class=\"jig-clearfix\"><\/div><noscript id=\"jig1-html\" class=\"justified-image-grid-html\" data-lazy-src=\"skiplazyload\" data-src=\"skipunveillazyload\"><ul><li><a href=\"https:\/\/viladoconde.com\/wp-content\/uploads\/2019\/04\/IMG_6731-1-1024x683.jpg\" title=\"\u00daltimos arcos ao p\u00e9 do Mosteiro\"><img loading=\"lazy\" decoding=\"async\" src=\"https:\/\/viladoconde.com\/wp-content\/plugins\/justified-image-grid\/timthumb.php?src=https%3A%2F%2Fviladoconde.com%2Fwp-content%2Fuploads%2F2019%2F04%2FIMG_6731-1-1024x683.jpg&amp;h=230&amp;q=90&amp;f=.jpg\" alt=\"Aqueduto de Santa Clara\" width=\"344\" height=\"230\" \/><\/a><p class=\"jig-HTMLdescription\">Aqueduto de Santa Clara<br\/>\u00daltimos arcos ao p\u00e9 do Mosteiro<\/p><\/li><li><a href=\"https:\/\/viladoconde.com\/wp-content\/uploads\/2019\/04\/IMG_6692-1024x683.jpg\" title=\"Visto desde a Igreja Matriz\"><img loading=\"lazy\" decoding=\"async\" src=\"https:\/\/viladoconde.com\/wp-content\/plugins\/justified-image-grid\/timthumb.php?src=https%3A%2F%2Fviladoconde.com%2Fwp-content%2Fuploads%2F2019%2F04%2FIMG_6692-1024x683.jpg&amp;h=230&amp;q=90&amp;f=.jpg\" alt=\"Aqueduto de Santa Clara\" width=\"344\" height=\"230\" \/><\/a><p class=\"jig-HTMLdescription\">Aqueduto de Santa Clara<br\/>Visto desde a Igreja Matriz<\/p><\/li><li><a href=\"https:\/\/viladoconde.com\/wp-content\/uploads\/2019\/04\/IMG_8125-1024x683.jpg\" title=\"Vista para sul\"><img loading=\"lazy\" decoding=\"async\" src=\"https:\/\/viladoconde.com\/wp-content\/plugins\/justified-image-grid\/timthumb.php?src=https%3A%2F%2Fviladoconde.com%2Fwp-content%2Fuploads%2F2019%2F04%2FIMG_8125-1024x683.jpg&amp;h=230&amp;q=90&amp;f=.jpg\" alt=\"Aqueduto de Santa Clara\" width=\"344\" height=\"230\" \/><\/a><p class=\"jig-HTMLdescription\">Aqueduto de Santa Clara<br\/>Vista para sul<\/p><\/li><\/ul><\/noscript><\/div>\n<h3><strong>Contactos:<\/strong><\/h3>\n<p><b>Ubicaci\u00f3n<\/b>: Rua Dom Nuno \u00c1lvares Pereira (\u00faltimos arcos) &#8211; Vila do Conde<\/p>\n<p><iframe loading=\"lazy\" style=\"border: 0;\" src=\"https:\/\/www.google.com\/maps\/embed?pb=!1m18!1m12!1m3!1d2994.9489552206282!2d-8.741602684680666!3d41.35346320606056!2m3!1f0!2f0!3f0!3m2!1i1024!2i768!4f13.1!3m3!1m2!1s0xd2444067bbe8dcb%3A0x126146ee0b2b67ba!2sAqueduto+de+Santa+Clara!5e0!3m2!1spt-PT!2spt!4v1555171918907!5m2!1spt-PT!2spt\" width=\"100%\" height=\"300\" frameborder=\"0\" allowfullscreen=\"allowfullscreen\"><\/iframe><\/p>\n","protected":false},"excerpt":{"rendered":"<p>El Acueducto de Santa Clara ha sido dise\u00f1ado para transportar agua hasta el convento con el mismo nombre. Desde su fundaci\u00f3n, aunque est\u00e9 ubicado junto al r\u00edo Ave, el Monasterio de Santa Clara siempre tuvo problemas de abastecimiento de agua potable. Hasta la conclusi\u00f3n del acueducto, el abastecimiento de agua era hecho a trav\u00e9s de [&hellip;]<\/p>\n","protected":false},"author":1,"featured_media":1982,"comment_status":"open","ping_status":"open","sticky":false,"template":"","format":"standard","meta":{"footnotes":""},"categories":[220],"tags":[],"class_list":["post-2424","post","type-post","status-publish","format-standard","has-post-thumbnail","hentry","category-otros"],"_links":{"self":[{"href":"https:\/\/viladoconde.com\/es\/wp-json\/wp\/v2\/posts\/2424","targetHints":{"allow":["GET"]}}],"collection":[{"href":"https:\/\/viladoconde.com\/es\/wp-json\/wp\/v2\/posts"}],"about":[{"href":"https:\/\/viladoconde.com\/es\/wp-json\/wp\/v2\/types\/post"}],"author":[{"embeddable":true,"href":"https:\/\/viladoconde.com\/es\/wp-json\/wp\/v2\/users\/1"}],"replies":[{"embeddable":true,"href":"https:\/\/viladoconde.com\/es\/wp-json\/wp\/v2\/comments?post=2424"}],"version-history":[{"count":5,"href":"https:\/\/viladoconde.com\/es\/wp-json\/wp\/v2\/posts\/2424\/revisions"}],"predecessor-version":[{"id":3112,"href":"https:\/\/viladoconde.com\/es\/wp-json\/wp\/v2\/posts\/2424\/revisions\/3112"}],"wp:featuredmedia":[{"embeddable":true,"href":"https:\/\/viladoconde.com\/es\/wp-json\/wp\/v2\/media\/1982"}],"wp:attachment":[{"href":"https:\/\/viladoconde.com\/es\/wp-json\/wp\/v2\/media?parent=2424"}],"wp:term":[{"taxonomy":"category","embeddable":true,"href":"https:\/\/viladoconde.com\/es\/wp-json\/wp\/v2\/categories?post=2424"},{"taxonomy":"post_tag","embeddable":true,"href":"https:\/\/viladoconde.com\/es\/wp-json\/wp\/v2\/tags?post=2424"}],"curies":[{"name":"wp","href":"https:\/\/api.w.org\/{rel}","templated":true}]}}