{"id":2617,"date":"2019-06-27T13:04:07","date_gmt":"2019-06-27T13:04:07","guid":{"rendered":"https:\/\/viladoconde.com\/?p=2617"},"modified":"2019-06-27T16:06:01","modified_gmt":"2019-06-27T16:06:01","slug":"casa-de-guerra-junqueiro","status":"publish","type":"post","link":"https:\/\/viladoconde.com\/es\/casa-de-guerra-junqueiro\/","title":{"rendered":"Casa de Guerra Junqueiro"},"content":{"rendered":"<p><img loading=\"lazy\" decoding=\"async\" src=\"http:\/\/viladoconde.com\/wp-content\/uploads\/2019\/04\/Untitled-1-1024x705.jpg\" alt=\"\" width=\"696\" height=\"479\" class=\"alignnone size-large wp-image-1999\" srcset=\"https:\/\/viladoconde.com\/wp-content\/uploads\/2019\/04\/Untitled-1-1024x705.jpg 1024w, https:\/\/viladoconde.com\/wp-content\/uploads\/2019\/04\/Untitled-1-600x413.jpg 600w, https:\/\/viladoconde.com\/wp-content\/uploads\/2019\/04\/Untitled-1-300x207.jpg 300w, https:\/\/viladoconde.com\/wp-content\/uploads\/2019\/04\/Untitled-1-768x529.jpg 768w, https:\/\/viladoconde.com\/wp-content\/uploads\/2019\/04\/Untitled-1-100x70.jpg 100w, https:\/\/viladoconde.com\/wp-content\/uploads\/2019\/04\/Untitled-1-218x150.jpg 218w, https:\/\/viladoconde.com\/wp-content\/uploads\/2019\/04\/Untitled-1-696x479.jpg 696w, https:\/\/viladoconde.com\/wp-content\/uploads\/2019\/04\/Untitled-1-1068x735.jpg 1068w, https:\/\/viladoconde.com\/wp-content\/uploads\/2019\/04\/Untitled-1-610x420.jpg 610w, https:\/\/viladoconde.com\/wp-content\/uploads\/2019\/04\/Untitled-1.jpg 2048w\" sizes=\"auto, (max-width: 696px) 100vw, 696px\" \/><\/p>\n<p><strong>Guerra Junqueiro<\/strong>, un famoso escritor cuya tumba se encuentra en el Pante\u00f3n Nacional, vivi\u00f3 en Vila do Conde entre 1899 y 1906. El poeta, buscando refugio de la peste bub\u00f3nica que caus\u00f3 v\u00edctimas en Oporto, lleg\u00f3 a este lugar cerca al r\u00edo Ave en busca de buenos aires que lo librase de la epidemia mortal. Viv\u00eda en esta casa en Rua dos Banhos, ahora Avenida Dr. Artur Cunha Ara\u00fajo, adyacente a la Escuela Primaria Conde de Ferreira (actualmente el Consejo Parroquial de Vila do Conde).<\/p>\n<h3><strong>Galer\u00eda de Im\u00e1genes:<\/strong><\/h3>\n<div id=\"jig1\" class=\"justified-image-grid jig-8c6720b75a29eee2d4b6f63794eeff55 jig-preset-global\"><div class=\"jig-clearfix\"><\/div><noscript id=\"jig1-html\" class=\"justified-image-grid-html\" data-lazy-src=\"skiplazyload\" data-src=\"skipunveillazyload\"><ul><li><a href=\"https:\/\/viladoconde.com\/wp-content\/uploads\/2019\/04\/Untitled-1-1024x705.jpg\"><img loading=\"lazy\" decoding=\"async\" src=\"https:\/\/viladoconde.com\/wp-content\/plugins\/justified-image-grid\/timthumb.php?src=https%3A%2F%2Fviladoconde.com%2Fwp-content%2Fuploads%2F2019%2F04%2FUntitled-1-1024x705.jpg&amp;h=230&amp;q=90&amp;f=.jpg\" alt=\"Casa de Guerra Junqueiro\" width=\"334\" height=\"230\" \/><\/a><p class=\"jig-HTMLdescription\">Casa de Guerra Junqueiro<br\/><\/p><\/li><\/ul><\/noscript><\/div>\n<h3><strong>Contactos:<\/strong><\/h3>\n<p><b>Ubicaci\u00f3n<\/b>: Av. Dr. Artur da Cunha Ara\u00fajo, 246 &#8211; 4480-719 Vila do Conde<\/p>\n<p><iframe loading=\"lazy\" style=\"border: 0;\" src=\"https:\/\/www.google.com\/maps\/embed?pb=!1m14!1m8!1m3!1d748.7349062483976!2d-8.7474191!3d41.353666!3m2!1i1024!2i768!4f13.1!3m3!1m2!1s0xd2444021b2e7065%3A0x2438fd2e4668c720!2sAv.+Dr.+Artur+da+Cunha+Ara%C3%BAjo+246%2C+4480-719+Vila+do+Conde!5e0!3m2!1spt-PT!2spt!4v1555261136924!5m2!1spt-PT!2spt\" width=\"100%\" height=\"300\" frameborder=\"0\" allowfullscreen=\"allowfullscreen\"><\/iframe><\/p>\n","protected":false},"excerpt":{"rendered":"<p>Guerra Junqueiro, un famoso escritor cuya tumba se encuentra en el Pante\u00f3n Nacional, vivi\u00f3 en Vila do Conde entre 1899 y 1906. El poeta, buscando refugio de la peste bub\u00f3nica que caus\u00f3 v\u00edctimas en Oporto, lleg\u00f3 a este lugar cerca al r\u00edo Ave en busca de buenos aires que lo librase de la epidemia mortal. [&hellip;]<\/p>\n","protected":false},"author":1,"featured_media":1999,"comment_status":"open","ping_status":"open","sticky":false,"template":"","format":"standard","meta":{"footnotes":""},"categories":[220],"tags":[],"class_list":["post-2617","post","type-post","status-publish","format-standard","has-post-thumbnail","hentry","category-otros"],"_links":{"self":[{"href":"https:\/\/viladoconde.com\/es\/wp-json\/wp\/v2\/posts\/2617","targetHints":{"allow":["GET"]}}],"collection":[{"href":"https:\/\/viladoconde.com\/es\/wp-json\/wp\/v2\/posts"}],"about":[{"href":"https:\/\/viladoconde.com\/es\/wp-json\/wp\/v2\/types\/post"}],"author":[{"embeddable":true,"href":"https:\/\/viladoconde.com\/es\/wp-json\/wp\/v2\/users\/1"}],"replies":[{"embeddable":true,"href":"https:\/\/viladoconde.com\/es\/wp-json\/wp\/v2\/comments?post=2617"}],"version-history":[{"count":2,"href":"https:\/\/viladoconde.com\/es\/wp-json\/wp\/v2\/posts\/2617\/revisions"}],"predecessor-version":[{"id":3150,"href":"https:\/\/viladoconde.com\/es\/wp-json\/wp\/v2\/posts\/2617\/revisions\/3150"}],"wp:featuredmedia":[{"embeddable":true,"href":"https:\/\/viladoconde.com\/es\/wp-json\/wp\/v2\/media\/1999"}],"wp:attachment":[{"href":"https:\/\/viladoconde.com\/es\/wp-json\/wp\/v2\/media?parent=2617"}],"wp:term":[{"taxonomy":"category","embeddable":true,"href":"https:\/\/viladoconde.com\/es\/wp-json\/wp\/v2\/categories?post=2617"},{"taxonomy":"post_tag","embeddable":true,"href":"https:\/\/viladoconde.com\/es\/wp-json\/wp\/v2\/tags?post=2617"}],"curies":[{"name":"wp","href":"https:\/\/api.w.org\/{rel}","templated":true}]}}